{"id":1104,"date":"2021-05-03T21:35:18","date_gmt":"2021-05-03T21:35:18","guid":{"rendered":"https:\/\/murexpo.org\/me\/?p=1104"},"modified":"2021-05-03T22:02:35","modified_gmt":"2021-05-03T22:02:35","slug":"exposition-de-travaux-deleves-de-6eme","status":"publish","type":"post","link":"https:\/\/laginette.com\/me\/blog\/2021\/05\/03\/exposition-de-travaux-deleves-de-6eme\/","title":{"rendered":"Exposition de travaux d&rsquo;\u00e9l\u00e8ves de 6\u00e8me"},"content":{"rendered":"\n<p>Dans le cadre du <a href=\"https:\/\/www.normandieimages.fr\/normandie-images\/actualites-normandie-images\/item\/regards-decales-sur-le-quartier\"><strong>projet \u00ab\u00a0Regards d\u00e9cal\u00e9s sur le quartier\u00a0\u00bb<\/strong><\/a> les \u00e9l\u00e8ves du coll\u00e8ge Dunois \u00e0 Caen ont r\u00e9alis\u00e9 une s\u00e9rie de travaux en arts plastiques.  Voici d&rsquo;ailleurs <a href=\"https:\/\/artsplastcoldunois.netboard.me\/enseignement\"><strong>les s\u00e9quences de travail propos\u00e9es aux \u00e9l\u00e8ves<\/strong><\/a>. <\/p>\n\n\n\n<p>Vous est pr\u00e9sent\u00e9 ici un accrochage de quelques cr\u00e9ations d&rsquo;\u00e9l\u00e8ves de 6\u00e8me (s\u00e9quence 1 du travail). Ces murs d&rsquo;exposition ont bien entendu \u00e9t\u00e9 con\u00e7us avec MurExpo :<\/p>\n\n\n\n<figure class=\"wp-block-image size-large\"><a href=\"https:\/\/murexpo.org\/me\/wp-content\/uploads\/2021\/05\/expo_001_projet_regards_decales_sur_le_quartier_arts_plast_seq_1.jpg\"><img loading=\"lazy\" decoding=\"async\" width=\"1024\" height=\"293\" src=\"https:\/\/murexpo.org\/me\/wp-content\/uploads\/2021\/05\/expo_001_projet_regards_decales_sur_le_quartier_arts_plast_seq_1-1024x293.jpg\" alt=\"\" class=\"wp-image-1105\" srcset=\"https:\/\/laginette.com\/me\/wp-content\/uploads\/2021\/05\/expo_001_projet_regards_decales_sur_le_quartier_arts_plast_seq_1-1024x293.jpg 1024w, https:\/\/laginette.com\/me\/wp-content\/uploads\/2021\/05\/expo_001_projet_regards_decales_sur_le_quartier_arts_plast_seq_1-300x86.jpg 300w, https:\/\/laginette.com\/me\/wp-content\/uploads\/2021\/05\/expo_001_projet_regards_decales_sur_le_quartier_arts_plast_seq_1-768x219.jpg 768w, https:\/\/laginette.com\/me\/wp-content\/uploads\/2021\/05\/expo_001_projet_regards_decales_sur_le_quartier_arts_plast_seq_1-1536x439.jpg 1536w, https:\/\/laginette.com\/me\/wp-content\/uploads\/2021\/05\/expo_001_projet_regards_decales_sur_le_quartier_arts_plast_seq_1-2048x585.jpg 2048w, https:\/\/laginette.com\/me\/wp-content\/uploads\/2021\/05\/expo_001_projet_regards_decales_sur_le_quartier_arts_plast_seq_1-500x143.jpg 500w, https:\/\/laginette.com\/me\/wp-content\/uploads\/2021\/05\/expo_001_projet_regards_decales_sur_le_quartier_arts_plast_seq_1-250x71.jpg 250w, https:\/\/laginette.com\/me\/wp-content\/uploads\/2021\/05\/expo_001_projet_regards_decales_sur_le_quartier_arts_plast_seq_1-550x157.jpg 550w, https:\/\/laginette.com\/me\/wp-content\/uploads\/2021\/05\/expo_001_projet_regards_decales_sur_le_quartier_arts_plast_seq_1-800x229.jpg 800w, https:\/\/laginette.com\/me\/wp-content\/uploads\/2021\/05\/expo_001_projet_regards_decales_sur_le_quartier_arts_plast_seq_1-630x180.jpg 630w, https:\/\/laginette.com\/me\/wp-content\/uploads\/2021\/05\/expo_001_projet_regards_decales_sur_le_quartier_arts_plast_seq_1-1050x300.jpg 1050w, https:\/\/laginette.com\/me\/wp-content\/uploads\/2021\/05\/expo_001_projet_regards_decales_sur_le_quartier_arts_plast_seq_1-1750x500.jpg 1750w\" sizes=\"auto, (max-width: 1024px) 100vw, 1024px\" \/><\/a><figcaption>Cliquez sur l&rsquo;image pour la visionner en grandeur r\u00e9elle.<\/figcaption><\/figure>\n\n\n\n<figure class=\"wp-block-image size-large\"><a href=\"https:\/\/murexpo.org\/me\/wp-content\/uploads\/2021\/05\/expo_002_projet_regards_decales_sur_le_quartier_arts_plast_seq_1.jpg\"><img loading=\"lazy\" decoding=\"async\" width=\"1024\" height=\"293\" src=\"https:\/\/murexpo.org\/me\/wp-content\/uploads\/2021\/05\/expo_002_projet_regards_decales_sur_le_quartier_arts_plast_seq_1-1024x293.jpg\" alt=\"\" class=\"wp-image-1106\" srcset=\"https:\/\/laginette.com\/me\/wp-content\/uploads\/2021\/05\/expo_002_projet_regards_decales_sur_le_quartier_arts_plast_seq_1-1024x293.jpg 1024w, https:\/\/laginette.com\/me\/wp-content\/uploads\/2021\/05\/expo_002_projet_regards_decales_sur_le_quartier_arts_plast_seq_1-300x86.jpg 300w, https:\/\/laginette.com\/me\/wp-content\/uploads\/2021\/05\/expo_002_projet_regards_decales_sur_le_quartier_arts_plast_seq_1-768x219.jpg 768w, https:\/\/laginette.com\/me\/wp-content\/uploads\/2021\/05\/expo_002_projet_regards_decales_sur_le_quartier_arts_plast_seq_1-1536x439.jpg 1536w, https:\/\/laginette.com\/me\/wp-content\/uploads\/2021\/05\/expo_002_projet_regards_decales_sur_le_quartier_arts_plast_seq_1-2048x585.jpg 2048w, https:\/\/laginette.com\/me\/wp-content\/uploads\/2021\/05\/expo_002_projet_regards_decales_sur_le_quartier_arts_plast_seq_1-500x143.jpg 500w, https:\/\/laginette.com\/me\/wp-content\/uploads\/2021\/05\/expo_002_projet_regards_decales_sur_le_quartier_arts_plast_seq_1-250x71.jpg 250w, https:\/\/laginette.com\/me\/wp-content\/uploads\/2021\/05\/expo_002_projet_regards_decales_sur_le_quartier_arts_plast_seq_1-550x157.jpg 550w, https:\/\/laginette.com\/me\/wp-content\/uploads\/2021\/05\/expo_002_projet_regards_decales_sur_le_quartier_arts_plast_seq_1-800x229.jpg 800w, https:\/\/laginette.com\/me\/wp-content\/uploads\/2021\/05\/expo_002_projet_regards_decales_sur_le_quartier_arts_plast_seq_1-630x180.jpg 630w, https:\/\/laginette.com\/me\/wp-content\/uploads\/2021\/05\/expo_002_projet_regards_decales_sur_le_quartier_arts_plast_seq_1-1050x300.jpg 1050w, https:\/\/laginette.com\/me\/wp-content\/uploads\/2021\/05\/expo_002_projet_regards_decales_sur_le_quartier_arts_plast_seq_1-1750x500.jpg 1750w\" sizes=\"auto, (max-width: 1024px) 100vw, 1024px\" \/><\/a><figcaption>Cliquez sur l&rsquo;image pour la visionner en grandeur r\u00e9elle.<\/figcaption><\/figure>\n\n\n\n<figure class=\"wp-block-image size-large\"><a href=\"https:\/\/murexpo.org\/me\/wp-content\/uploads\/2021\/05\/expo_003_projet_regards_decales_sur_le_quartier_arts_plast_seq_1.jpg\"><img loading=\"lazy\" decoding=\"async\" width=\"1024\" height=\"293\" src=\"https:\/\/murexpo.org\/me\/wp-content\/uploads\/2021\/05\/expo_003_projet_regards_decales_sur_le_quartier_arts_plast_seq_1-1024x293.jpg\" alt=\"\" class=\"wp-image-1107\" srcset=\"https:\/\/laginette.com\/me\/wp-content\/uploads\/2021\/05\/expo_003_projet_regards_decales_sur_le_quartier_arts_plast_seq_1-1024x293.jpg 1024w, https:\/\/laginette.com\/me\/wp-content\/uploads\/2021\/05\/expo_003_projet_regards_decales_sur_le_quartier_arts_plast_seq_1-300x86.jpg 300w, https:\/\/laginette.com\/me\/wp-content\/uploads\/2021\/05\/expo_003_projet_regards_decales_sur_le_quartier_arts_plast_seq_1-768x219.jpg 768w, https:\/\/laginette.com\/me\/wp-content\/uploads\/2021\/05\/expo_003_projet_regards_decales_sur_le_quartier_arts_plast_seq_1-1536x439.jpg 1536w, https:\/\/laginette.com\/me\/wp-content\/uploads\/2021\/05\/expo_003_projet_regards_decales_sur_le_quartier_arts_plast_seq_1-2048x585.jpg 2048w, https:\/\/laginette.com\/me\/wp-content\/uploads\/2021\/05\/expo_003_projet_regards_decales_sur_le_quartier_arts_plast_seq_1-500x143.jpg 500w, https:\/\/laginette.com\/me\/wp-content\/uploads\/2021\/05\/expo_003_projet_regards_decales_sur_le_quartier_arts_plast_seq_1-250x71.jpg 250w, https:\/\/laginette.com\/me\/wp-content\/uploads\/2021\/05\/expo_003_projet_regards_decales_sur_le_quartier_arts_plast_seq_1-550x157.jpg 550w, https:\/\/laginette.com\/me\/wp-content\/uploads\/2021\/05\/expo_003_projet_regards_decales_sur_le_quartier_arts_plast_seq_1-800x229.jpg 800w, https:\/\/laginette.com\/me\/wp-content\/uploads\/2021\/05\/expo_003_projet_regards_decales_sur_le_quartier_arts_plast_seq_1-630x180.jpg 630w, https:\/\/laginette.com\/me\/wp-content\/uploads\/2021\/05\/expo_003_projet_regards_decales_sur_le_quartier_arts_plast_seq_1-1050x300.jpg 1050w, https:\/\/laginette.com\/me\/wp-content\/uploads\/2021\/05\/expo_003_projet_regards_decales_sur_le_quartier_arts_plast_seq_1-1750x500.jpg 1750w\" sizes=\"auto, (max-width: 1024px) 100vw, 1024px\" \/><\/a><figcaption>Cliquez sur l&rsquo;image pour la visionner en grandeur r\u00e9elle.<\/figcaption><\/figure>\n","protected":false},"excerpt":{"rendered":"<p>Dans le cadre du projet \u00ab\u00a0Regards d\u00e9cal\u00e9s sur le quartier\u00a0\u00bb les \u00e9l\u00e8ves du coll\u00e8ge Dunois \u00e0 Caen ont r\u00e9alis\u00e9 une s\u00e9rie de travaux en arts plastiques. Voici d&rsquo;ailleurs les s\u00e9quences de travail propos\u00e9es aux \u00e9l\u00e8ves. Vous est pr\u00e9sent\u00e9 ici un &hellip; <a href=\"https:\/\/laginette.com\/me\/blog\/2021\/05\/03\/exposition-de-travaux-deleves-de-6eme\/\">Continuer la lecture <span class=\"meta-nav\">&rarr;<\/span><\/a><\/p>\n","protected":false},"author":1,"featured_media":0,"comment_status":"open","ping_status":"open","sticky":false,"template":"","format":"standard","meta":{"om_disable_all_campaigns":false,"_monsterinsights_skip_tracking":false,"_monsterinsights_sitenote_active":false,"_monsterinsights_sitenote_note":"","_monsterinsights_sitenote_category":0,"_uf_show_specific_survey":0,"_uf_disable_surveys":false,"footnotes":""},"categories":[1],"tags":[],"class_list":["post-1104","post","type-post","status-publish","format-standard","hentry","category-uncategorized"],"_links":{"self":[{"href":"https:\/\/laginette.com\/me\/wp-json\/wp\/v2\/posts\/1104","targetHints":{"allow":["GET"]}}],"collection":[{"href":"https:\/\/laginette.com\/me\/wp-json\/wp\/v2\/posts"}],"about":[{"href":"https:\/\/laginette.com\/me\/wp-json\/wp\/v2\/types\/post"}],"author":[{"embeddable":true,"href":"https:\/\/laginette.com\/me\/wp-json\/wp\/v2\/users\/1"}],"replies":[{"embeddable":true,"href":"https:\/\/laginette.com\/me\/wp-json\/wp\/v2\/comments?post=1104"}],"version-history":[{"count":5,"href":"https:\/\/laginette.com\/me\/wp-json\/wp\/v2\/posts\/1104\/revisions"}],"predecessor-version":[{"id":1113,"href":"https:\/\/laginette.com\/me\/wp-json\/wp\/v2\/posts\/1104\/revisions\/1113"}],"wp:attachment":[{"href":"https:\/\/laginette.com\/me\/wp-json\/wp\/v2\/media?parent=1104"}],"wp:term":[{"taxonomy":"category","embeddable":true,"href":"https:\/\/laginette.com\/me\/wp-json\/wp\/v2\/categories?post=1104"},{"taxonomy":"post_tag","embeddable":true,"href":"https:\/\/laginette.com\/me\/wp-json\/wp\/v2\/tags?post=1104"}],"curies":[{"name":"wp","href":"https:\/\/api.w.org\/{rel}","templated":true}]}}